{"id":997,"date":"2013-10-09T08:00:36","date_gmt":"2013-10-09T07:00:36","guid":{"rendered":"http:\/\/imagetemps.fr\/?p=997"},"modified":"2016-01-28T11:35:54","modified_gmt":"2016-01-28T10:35:54","slug":"la-troisieme-edition-du-festival-fidel-melant-cinema-et-appel-a-la-diversite-et-la-comprehension","status":"publish","type":"post","link":"https:\/\/imagetemps.fr\/?p=997","title":{"rendered":"\u00ab\u00a0Y a-t-il encore mon pays ailleurs ?\u00a0\u00bb s\u00e9lectionn\u00e9 au festival LE FIDEL"},"content":{"rendered":"<div class=\"surtitre\">\n<div class=\"surtitreR optional\" style=\"text-align: center;\"><span style=\"font-family: georgia, palatino, serif;\"><a class=\"spell\" href=\"http:\/\/www.histoire-immigration.fr\/\">Cit\u00e9 Nationale de <b><i>l&rsquo;Histoire\u00a0<\/i><\/b>de <b><i>l&rsquo;Immigration<\/i><\/b><\/a><\/span><\/div>\n<div class=\"surtitreS\" style=\"text-align: center;\"><span style=\"font-family: georgia, palatino, serif;\">\u00a0<\/span><\/div>\n<\/div>\n<div class=\"pub optional\" style=\"text-align: center;\"><strong><span style=\"font-family: georgia, palatino, serif; font-size: 14pt;\">Le FIDEL\u00a0: Un festival pour l\u2019\u00e9galit\u00e9 et la mixit\u00e9 \u00e0 la Cit\u00e9 de l\u2019immigration<\/span><\/strong><\/div>\n<div class=\"pub optional\" style=\"text-align: center;\"><\/div>\n<div class=\"pub optional\" style=\"text-align: center;\"><\/div>\n<div class=\"pub optional\" style=\"text-align: center;\">\n<table>\n<tbody>\n<tr>\n<td><span style=\"font-family: georgia, palatino, serif;\"><img loading=\"lazy\" decoding=\"async\" class=\"aligncenter\" src=\"https:\/\/www.evous.fr\/local\/cache-vignettes\/L291xH198\/fidel_2013-7856a.jpg\" alt=\"\" width=\"291\" height=\"198\" \/><\/span><\/td>\n<td>\n<div id=\"bloc_nav\"><span style=\"font-family: georgia, palatino, serif;\"><strong>La Cit\u00e9 Nationale de l\u2019histoire de l\u2019immigration (12e) accueillera du 3 au 6 octobre 2013 \u00a0la troisi\u00e8me \u00e9dition du festival FIDEL m\u00ealant cin\u00e9ma et appel \u00e0 la diversit\u00e9 et la compr\u00e9hension.<\/strong><\/span><\/div>\n<div class=\"crayon article-texte-1179401 texte entry-content\">\n<p><span style=\"font-family: georgia, palatino, serif;\">Pour sa troisi\u00e8me \u00e9dition, le FIDEL (pour Festival Images de la diversit\u00e9 et de l\u2019\u00e9galit\u00e9) s\u2019organisera cette ann\u00e9e autour d\u2019un grand th\u00e8me central\u00a0: \u00ab\u00a0les films de la diversit\u00e9 et de l\u2019\u00e9galit\u00e9\u00a0\u00bb.<\/span><\/p>\n<p><span style=\"font-family: georgia, palatino, serif;\">En quatre jours de festival, vous aurez l\u2019occasion de d\u00e9couvrir \u00e0 travers des projections, des rencontres et des tables rondes des \u0153uvres et des artistes dont le combat est celui du respect des droits de l\u2019homme et de la diversit\u00e9 des cultures et des pens\u00e9es. Chaque journ\u00e9e sera l\u2019occasion d\u2019explorer une th\u00e9matique en particulier\u00a0: La marche en question\u00a0; L\u2019Afrique au f\u00e9minin et Les territoires.<\/span><\/p>\n<\/div>\n<\/td>\n<\/tr>\n<\/tbody>\n<\/table>\n<\/div>\n<div class=\"main\">\n<div class=\"wrapper hfeed\">\n<div id=\"content\" class=\"content hentry\">\n<div class=\"contenu_rubrique\">\n<div class=\"qui_partage optional\" style=\"text-align: center;\"><strong><span style=\"font-size: 10pt;\">\u00a0A ne pas rater notamment : L\u2019avant-premi\u00e8re de La marche en question de Nabil Ben Yadir en ouverture du festival.<\/span><\/strong><\/div>\n<div class=\"qui_partage optional\" style=\"text-align: center;\"><\/div>\n<div class=\"qui_partage optional\" style=\"text-align: center;\"><strong><span style=\"font-size: 10pt;\">Cette \u00e9dition 2013 du FIDEL se d\u00e9roulera \u00e0 la Cit\u00e9 nationale de l\u2019histoire de l\u2019immigration <\/span><\/strong><\/div>\n<div class=\"qui_partage optional\" style=\"text-align: center;\"><strong><span style=\"font-size: 10pt;\">dans un contexte de cinquantenaire de l\u2019ind\u00e9pendance de l\u2019Alg\u00e9rie.<\/span><\/strong><\/div>\n<div class=\"qui_partage optional\" style=\"text-align: center;\"><strong><span style=\"font-size: 10pt;\">Le programme du FIDEL 2013 :<\/span><\/strong><\/div>\n<div class=\"qui_partage optional\" style=\"text-align: center;\"><strong><span style=\"font-size: 10pt;\">Jeudi 3 octobre : Soir\u00e9e d\u2019ouverture<\/span><\/strong><\/div>\n<div class=\"qui_partage optional\" style=\"text-align: center;\"><span style=\"font-size: 10pt;\">18h00 : C\u00e9r\u00e9monie d\u2019ouverture<\/span><\/div>\n<div class=\"qui_partage optional\" style=\"text-align: center;\"><span style=\"font-size: 10pt;\">19h00 : La marche en question de Nabil Ben Yadir. Avant-premi\u00e8re.<\/span><\/div>\n<div class=\"qui_partage optional\" style=\"text-align: center;\"><strong><span style=\"font-size: 10pt;\">Vendredi 4 octobre : \u00ab\u00a0La Marche en question\u00a0\u00bb<\/span><\/strong><\/div>\n<div class=\"qui_partage optional\" style=\"text-align: center;\"><span style=\"font-size: 10pt;\">14h00 : La marche des beurs, la marche pour l\u2019\u00e9galit\u00e9<\/span><\/div>\n<div class=\"qui_partage optional\" style=\"text-align: center;\"><span style=\"font-size: 10pt;\">15h15 : Minguettes 83, paix sociale ou pacification de Mogniss H. Abdallah<\/span><\/div>\n<div class=\"qui_partage optional\" style=\"text-align: center;\"><span style=\"font-size: 10pt;\">16h-17h30 : TABLE RONDE : : la Marche de 1983 \u00e0 nos jours, 30 ans plus tard qu\u2019en est-il du combat de l\u2019\u00e9galit\u00e9 ?<\/span><\/div>\n<div class=\"qui_partage optional\" style=\"text-align: center;\"><span style=\"font-size: 10pt;\">18h15 : Le Th\u00e9 au harem d\u2019Archim\u00e8de de Mehdi Charef<\/span><\/div>\n<div class=\"qui_partage optional\" style=\"text-align: center;\"><span style=\"font-size: 10pt;\">20h30 : Une si belle inqui\u00e9tude de Brahim FRITAH suivi de Vaine tentative de d\u00e9finir l\u2019amour d\u2019Hakim Belabbes<\/span><\/div>\n<div class=\"qui_partage optional\" style=\"text-align: center;\"><strong><span style=\"font-size: 10pt;\">Samedi 5 octobre : \u00ab\u00a0L\u2019Afrique noire au f\u00e9minin\u00a0\u00bb<\/span><\/strong><\/div>\n<div class=\"qui_partage optional\" style=\"text-align: center;\"><span style=\"font-size: 10pt;\">14h00 : Yvette de Marie Bassol\u00e9 &amp; Ferdinand<\/span><\/div>\n<div class=\"qui_partage optional\" style=\"text-align: center;\"><span style=\"font-size: 10pt;\">14h30 : Le rite, la folle et moi de Gentille M.Assih<\/span><\/div>\n<div class=\"qui_partage optional\" style=\"text-align: center;\"><span style=\"font-size: 10pt;\">16h00 &#8211; 16h30 : Dialogue avec cin\u00e9astes et invit\u00e9es<\/span><\/div>\n<div class=\"qui_partage optional\" style=\"text-align: center;\"><span style=\"font-size: 10pt;\">16h45 : Noire ici, blanche l\u00e0 bas de Claude Haffner<\/span><\/div>\n<div class=\"qui_partage optional\" style=\"text-align: center;\"><span style=\"font-size: 10pt;\">18h30 : SEANCE en partenariat avec l\u2019ACSE\/ Les s\u00e9n\u00e9galaises et les s\u00e9n\u00e9gauloises de d\u2019Alice Diop, en sa pr\u00e9sence<\/span><\/div>\n<div class=\"qui_partage optional\" style=\"text-align: center;\"><span style=\"font-size: 10pt;\">20h00 : SOIREE DE SOUTIEN AVEC LE PEUPLE SYRIEN<\/span><\/div>\n<div class=\"qui_partage optional\" style=\"text-align: center;\"><span style=\"font-size: 10pt;\">Comme si nous attrapions un cobra de Hala Al Abdallah . Dialogue avec le cin\u00e9aste.<\/span><\/div>\n<div class=\"qui_partage optional\" style=\"text-align: center;\"><strong><span style=\"font-size: 10pt;\">Dimanche 6 octobre : Les Territoires<\/span><\/strong><\/div>\n<div class=\"qui_partage optional\" style=\"text-align: center;\"><span style=\"font-size: 10pt;\">14h00 : Cin\u00e9ma en milieu p\u00e9nitentiaire (projection d\u00e9bat avec l\u2019association \u00ab\u00a0Les yeux de l\u2019Ouie\u00a0\u00bb)<\/span><\/div>\n<div class=\"qui_partage optional\" style=\"text-align: center;\"><span style=\"font-size: 10pt;\">15h45 : Court-m\u00e9trages europ\u00e9ens in\u00e9dits. Le terrain, de Bijan Anquetil et Bois D\u2019arcy de Mehdi Benallal<\/span><\/div>\n<div class=\"qui_partage optional\" style=\"text-align: center;\"><strong><span style=\"font-size: 10pt;\">18h30 : Y a-t-il encore mon pays ailleurs ? de Fran\u00e7ois Havez<\/span><\/strong><\/div>\n<div class=\"qui_partage optional\" style=\"text-align: center;\"><span style=\"font-size: 10pt;\">19h30-20h : Regard sur le jeune cin\u00e9ma maghr\u00e9bins, 3 courts m\u00e9trages in\u00e9dits, en partenariat avec TV5 Monde<\/span><\/div>\n<div class=\"qui_partage optional\" style=\"text-align: center;\"><span style=\"font-size: 10pt;\">20h30 : .Cloture du festival avec Mon fr\u00e8re de Kamal El Mahouti<\/span><\/div>\n<div class=\"qui_partage optional\" style=\"text-align: center;\"><\/div>\n<div class=\"qui_partage optional\" style=\"text-align: center;\"><span style=\"font-size: 10pt;\">En savoir plus sur <a href=\"http:\/\/www.evous.fr\/Le-FIDEL-Un-festival-pour-l-egalite-et-la-mixite-a-la-Cite-de-l-immigration,1179401.html#FDsFCvoTk4XiUQx9.9\" target=\"_blank\">http:\/\/www.evous.fr\/Le-FIDEL-Un-festival-pour-l-egalite-et-la-mixite-a-la-Cite-de-l-immigration,1179401.html#FDsFCvoTk4XiUQx9.9<\/a><\/span><\/div>\n<p style=\"text-align: center;\">\n<\/div>\n<\/div>\n<\/div>\n<\/div>\n","protected":false},"excerpt":{"rendered":"<p>Cit\u00e9 Nationale de l&rsquo;Histoire\u00a0de l&rsquo;Immigration \u00a0 Le FIDEL\u00a0: Un festival pour l\u2019\u00e9galit\u00e9 et la mixit\u00e9 \u00e0 la Cit\u00e9 de l\u2019immigration La Cit\u00e9 Nationale de l\u2019histoire [&hellip;]<\/p>\n","protected":false},"author":2,"featured_media":0,"comment_status":"closed","ping_status":"closed","sticky":false,"template":"","format":"standard","meta":{"__cvm_playback_settings":[],"__cvm_video_id":"","_jetpack_memberships_contains_paid_content":false,"footnotes":""},"categories":[6],"tags":[31,28],"aioseo_notices":[],"jetpack_sharing_enabled":true,"jetpack_featured_media_url":"","_links":{"self":[{"href":"https:\/\/imagetemps.fr\/index.php?rest_route=\/wp\/v2\/posts\/997"}],"collection":[{"href":"https:\/\/imagetemps.fr\/index.php?rest_route=\/wp\/v2\/posts"}],"about":[{"href":"https:\/\/imagetemps.fr\/index.php?rest_route=\/wp\/v2\/types\/post"}],"author":[{"embeddable":true,"href":"https:\/\/imagetemps.fr\/index.php?rest_route=\/wp\/v2\/users\/2"}],"replies":[{"embeddable":true,"href":"https:\/\/imagetemps.fr\/index.php?rest_route=%2Fwp%2Fv2%2Fcomments&post=997"}],"version-history":[{"count":17,"href":"https:\/\/imagetemps.fr\/index.php?rest_route=\/wp\/v2\/posts\/997\/revisions"}],"predecessor-version":[{"id":1211,"href":"https:\/\/imagetemps.fr\/index.php?rest_route=\/wp\/v2\/posts\/997\/revisions\/1211"}],"wp:attachment":[{"href":"https:\/\/imagetemps.fr\/index.php?rest_route=%2Fwp%2Fv2%2Fmedia&parent=997"}],"wp:term":[{"taxonomy":"category","embeddable":true,"href":"https:\/\/imagetemps.fr\/index.php?rest_route=%2Fwp%2Fv2%2Fcategories&post=997"},{"taxonomy":"post_tag","embeddable":true,"href":"https:\/\/imagetemps.fr\/index.php?rest_route=%2Fwp%2Fv2%2Ftags&post=997"}],"curies":[{"name":"wp","href":"https:\/\/api.w.org\/{rel}","templated":true}]}}