{"id":389,"date":"2015-02-06T18:00:28","date_gmt":"2015-02-06T17:00:28","guid":{"rendered":"http:\/\/imagetemps.fr\/?p=389"},"modified":"2015-03-20T11:52:31","modified_gmt":"2015-03-20T10:52:31","slug":"conference-debat-univers-des-travailleurs-immigres-retraites","status":"publish","type":"post","link":"https:\/\/imagetemps.fr\/?p=389","title":{"rendered":"Conf\u00e9rence d\u00e9bat: Univers des travailleurs immigr\u00e9s retrait\u00e9s"},"content":{"rendered":"<p><img loading=\"lazy\" decoding=\"async\" class=\"aligncenter wp-image-351 size-full\" src=\"https:\/\/imagetemps.fr\/wp-content\/uploads\/2015\/01\/logohdpoursite.jpg\" alt=\"logohdpoursite\" width=\"591\" height=\"357\" srcset=\"https:\/\/imagetemps.fr\/wp-content\/uploads\/2015\/01\/logohdpoursite.jpg 591w, https:\/\/imagetemps.fr\/wp-content\/uploads\/2015\/01\/logohdpoursite-300x181.jpg 300w\" sizes=\"(max-width: 591px) 100vw, 591px\" \/><\/p>\n<header class=\"entry-header\">\n<p class=\"entry-title\"><strong>L\u2019association G\u00e9n\u00e9rations et Cultures, dans le cadre de ses activit\u00e9s avec les habitants des foyers d\u2019h\u00e9bergement et r\u00e9sidences sociales\u00a0ARELI, a\u00a0le plaisir de vous convier \u00e0\u00a0:\u00a0 <\/strong><strong>Une conf\u00e9rence d\u00e9bat avec pour support le film \u00ab\u00a0Y a t-il encore mon pays ailleurs?\u00a0\u00bb de Fran\u00e7ois Havez, le 6 f\u00e9vrier 2015 \u00e0 18h, \u00e0 la r\u00e9sidence sociale Convain, 16 rue Lannoy, 59000 Lille (quartier de Fives). <\/strong><\/p>\n<\/header>\n<div class=\"entry-content\">\n<div class=\"pf-content\">\n<p>\u00ab\u00a0Avec le temps, ils se sont habitu\u00e9s \u00e0 vivre dans ce foyer de Colombes, ils en ont fait leur demeure. Ils vivent l\u00e0 depuis quarante ans, en collectivit\u00e9, entre hommes. Toute une vie en foyer de travailleurs migrants, maintenant retrait\u00e9s, inactifs, rest\u00e9s en France. Aujourd\u2019hui, juste sous leurs fen\u00eatres, un chantier. Leur vieux foyer est d\u00e9clar\u00e9 v\u00e9tuste. La future r\u00e9sidence sociale est en construction. Ils doivent bient\u00f4t d\u00e9m\u00e9nager.\u00a0\u00bb<\/p>\n<p>Ce\u00a0<strong>documentaire<\/strong>\u00a0s\u2019att\u00e8le \u00e0 nous r\u00e9v\u00e9ler le\u00a0<strong>quotidien<\/strong>\u00a0de ces migrants arriv\u00e9s en France pour travailler et d\u00e9sormais \u00e0 la retraite. Celui-ci pose la question de leur\u00a0<strong>perte d\u2019autonomie<\/strong>\u00a0et de leur\u00a0<strong>hypoth\u00e9tique retour<\/strong>\u00a0aupr\u00e8s de leur famille rest\u00e9e au pays. Le r\u00e9alisateur donne la parole \u00e0 ces\u00a0<strong>hommes<\/strong>\u00a0dont la situation reste encore largement m\u00e9connue du grand public.<\/p>\n<p><a href=\"http:\/\/www.generationsetcultures.fr\/wp-content\/uploads\/2015\/01\/monpays-ailleurs-flyer-mail-a5.pdf\" target=\"_blank\">Cliquez ici pour consulter le flyer.\u00a0<\/a><\/p>\n<\/div>\n<\/div>\n","protected":false},"excerpt":{"rendered":"<p>L\u2019association G\u00e9n\u00e9rations et Cultures, dans le cadre de ses activit\u00e9s avec les habitants des foyers d\u2019h\u00e9bergement et r\u00e9sidences sociales\u00a0ARELI, a\u00a0le plaisir de vous convier \u00e0\u00a0:\u00a0 [&hellip;]<\/p>\n","protected":false},"author":2,"featured_media":0,"comment_status":"closed","ping_status":"closed","sticky":false,"template":"","format":"standard","meta":{"__cvm_playback_settings":[],"__cvm_video_id":"","_jetpack_memberships_contains_paid_content":false,"footnotes":""},"categories":[6],"tags":[7],"aioseo_notices":[],"jetpack_sharing_enabled":true,"jetpack_featured_media_url":"","_links":{"self":[{"href":"https:\/\/imagetemps.fr\/index.php?rest_route=\/wp\/v2\/posts\/389"}],"collection":[{"href":"https:\/\/imagetemps.fr\/index.php?rest_route=\/wp\/v2\/posts"}],"about":[{"href":"https:\/\/imagetemps.fr\/index.php?rest_route=\/wp\/v2\/types\/post"}],"author":[{"embeddable":true,"href":"https:\/\/imagetemps.fr\/index.php?rest_route=\/wp\/v2\/users\/2"}],"replies":[{"embeddable":true,"href":"https:\/\/imagetemps.fr\/index.php?rest_route=%2Fwp%2Fv2%2Fcomments&post=389"}],"version-history":[{"count":6,"href":"https:\/\/imagetemps.fr\/index.php?rest_route=\/wp\/v2\/posts\/389\/revisions"}],"predecessor-version":[{"id":806,"href":"https:\/\/imagetemps.fr\/index.php?rest_route=\/wp\/v2\/posts\/389\/revisions\/806"}],"wp:attachment":[{"href":"https:\/\/imagetemps.fr\/index.php?rest_route=%2Fwp%2Fv2%2Fmedia&parent=389"}],"wp:term":[{"taxonomy":"category","embeddable":true,"href":"https:\/\/imagetemps.fr\/index.php?rest_route=%2Fwp%2Fv2%2Fcategories&post=389"},{"taxonomy":"post_tag","embeddable":true,"href":"https:\/\/imagetemps.fr\/index.php?rest_route=%2Fwp%2Fv2%2Ftags&post=389"}],"curies":[{"name":"wp","href":"https:\/\/api.w.org\/{rel}","templated":true}]}}