{"id":2808,"date":"2026-01-15T15:09:07","date_gmt":"2026-01-15T14:09:07","guid":{"rendered":"https:\/\/imagetemps.fr\/?p=2808"},"modified":"2026-01-15T15:11:06","modified_gmt":"2026-01-15T14:11:06","slug":"chronique-dune-pension-de-famille-documentaire-duree-1h35","status":"publish","type":"post","link":"https:\/\/imagetemps.fr\/?p=2808","title":{"rendered":"\u00ab\u00a0Chronique d&rsquo;une pension de famille\u00a0\u00bb  Documentaire. Dur\u00e9e : 1h35."},"content":{"rendered":"<p>\u00ab\u00a0Chronique d&rsquo;une pension de famille\u00a0\u00bb<br \/>\nDocumentaire. Dur\u00e9e : 1h35.<\/p>\n<p>Production Thaumatrope Film Association &#038; Coopetic Productions,<br \/>\navec le soutien de la DIHAL (La D\u00e9l\u00e9gation interminist\u00e9rielle \u00e0 l&rsquo;h\u00e9bergement et \u00e0 l&rsquo;acc\u00e8s au logement) dans le cadre du plan Logement d&rsquo;abord 2,<br \/>\ndu Conseil R\u00e9gional R\u00e9gion Bourgogne Franche Comt\u00e9, de l&rsquo;Agence R\u00e9gionale de Sant\u00e9 BFC<br \/>\net de l&rsquo;Association Pagode de Nevers.<\/p>\n<p><iframe loading=\"lazy\" width=\"560\" height=\"315\" src=\"https:\/\/www.youtube.com\/embed\/8QJ7Y-ABJ9c?si=4e0ZFudnV7-RUH9l\" title=\"YouTube video player\" frameborder=\"0\" allow=\"accelerometer; autoplay; clipboard-write; encrypted-media; gyroscope; picture-in-picture; web-share\" referrerpolicy=\"strict-origin-when-cross-origin\" allowfullscreen><\/iframe><\/p>\n<p>Actuellement en tournage, en immersion dans une pension de famille \u00e0 Nevers, sur plusieurs saisons avec quelques retours d&rsquo;Histoires de leur pass\u00e9.<\/p>\n<p>Musique : \u00ab\u00a0Nevers \u00e9tait si bleu\u00a0\u00bb Les Wampas (Tous droits r\u00e9serv\u00e9s \u00a9SACEM &#8211; Contrat de synchro WAMPAS DIDIER, Compositeur-Auteur)<\/p>\n","protected":false},"excerpt":{"rendered":"<p>\u00ab\u00a0Chronique d&rsquo;une pension de famille\u00a0\u00bb Documentaire. Dur\u00e9e : 1h35. Production Thaumatrope Film Association &#038; Coopetic Productions, avec le soutien de la DIHAL (La D\u00e9l\u00e9gation interminist\u00e9rielle [&hellip;]<\/p>\n","protected":false},"author":2,"featured_media":0,"comment_status":"closed","ping_status":"closed","sticky":false,"template":"","format":"standard","meta":{"__cvm_playback_settings":[],"__cvm_video_id":"","_jetpack_memberships_contains_paid_content":false,"footnotes":""},"categories":[6,71,8],"tags":[],"aioseo_notices":[],"jetpack_sharing_enabled":true,"jetpack_featured_media_url":"","_links":{"self":[{"href":"https:\/\/imagetemps.fr\/index.php?rest_route=\/wp\/v2\/posts\/2808"}],"collection":[{"href":"https:\/\/imagetemps.fr\/index.php?rest_route=\/wp\/v2\/posts"}],"about":[{"href":"https:\/\/imagetemps.fr\/index.php?rest_route=\/wp\/v2\/types\/post"}],"author":[{"embeddable":true,"href":"https:\/\/imagetemps.fr\/index.php?rest_route=\/wp\/v2\/users\/2"}],"replies":[{"embeddable":true,"href":"https:\/\/imagetemps.fr\/index.php?rest_route=%2Fwp%2Fv2%2Fcomments&post=2808"}],"version-history":[{"count":3,"href":"https:\/\/imagetemps.fr\/index.php?rest_route=\/wp\/v2\/posts\/2808\/revisions"}],"predecessor-version":[{"id":2811,"href":"https:\/\/imagetemps.fr\/index.php?rest_route=\/wp\/v2\/posts\/2808\/revisions\/2811"}],"wp:attachment":[{"href":"https:\/\/imagetemps.fr\/index.php?rest_route=%2Fwp%2Fv2%2Fmedia&parent=2808"}],"wp:term":[{"taxonomy":"category","embeddable":true,"href":"https:\/\/imagetemps.fr\/index.php?rest_route=%2Fwp%2Fv2%2Fcategories&post=2808"},{"taxonomy":"post_tag","embeddable":true,"href":"https:\/\/imagetemps.fr\/index.php?rest_route=%2Fwp%2Fv2%2Ftags&post=2808"}],"curies":[{"name":"wp","href":"https:\/\/api.w.org\/{rel}","templated":true}]}}