{"id":2788,"date":"2024-08-28T17:18:20","date_gmt":"2024-08-28T16:18:20","guid":{"rendered":"https:\/\/imagetemps.fr\/?p=2788"},"modified":"2024-08-28T17:22:47","modified_gmt":"2024-08-28T16:22:47","slug":"je-est-un-autre-stephane-atteint-de-mucoviscidose-et-greffe-des-deux-poumons","status":"publish","type":"post","link":"https:\/\/imagetemps.fr\/?p=2788","title":{"rendered":"Je est un autre &#8230; St\u00e9phane atteint de mucoviscidose et greff\u00e9 des deux poumons"},"content":{"rendered":"<p>J&rsquo;ai rencontr\u00e9 St\u00e9phane lors des r\u00e9unions \u00ab\u00a0ExPaParM\u00a0\u00bb au si\u00e8ge de Vaincre la mucoviscidose.<br \/>\nJe filme depuis plusieurs mois un groupe compos\u00e9 de chercheurs, de patients et de professionnels de sant\u00e9. Ce projet de recherche ExPaParM-ACTION vise \u00e0 mettre \u00e0 l&rsquo;\u00e9preuve un questionnaire qui explore les exp\u00e9riences de soins, de sant\u00e9 et de vie des patients dans le cadre de l&rsquo;Exp\u00e9rience Patient des Parcours Mucoviscidose.<\/p>\n<p><span data-mce-type=\"bookmark\" style=\"display: inline-block; width: 0px; overflow: hidden; line-height: 0;\" class=\"mce_SELRES_start\">\ufeff<\/span><\/p>\n<p><iframe loading=\"lazy\" width=\"560\" height=\"315\" src=\"https:\/\/www.youtube.com\/embed\/6LjspyFa60k?si=4I4hUkFRr_f1BtpS\" title=\"YouTube video player\" frameborder=\"0\" allow=\"accelerometer; autoplay; clipboard-write; encrypted-media; gyroscope; picture-in-picture; web-share\" referrerpolicy=\"strict-origin-when-cross-origin\" allowfullscreen><\/iframe><\/p>\n<p>J&rsquo;ai sugg\u00e9r\u00e9 au groupe de recherche de cr\u00e9er une s\u00e9rie de courts-m\u00e9trages avec des portraits de patients co-chercheurs. J&rsquo;ai alors propos\u00e9 \u00e0 St\u00e9phane de r\u00e9aliser son portrait chez lui, \u00e0 Dax, ce sera un film \u00ab\u00a0hors la ville\u00a0\u00bb; un environnement id\u00e9al pour un tournage en toute confiance, favorisant mon travail sur l&rsquo;intime.<\/p>\n<p>Vous souhaitez en savoir plus sur l&rsquo;\u00e9tude ?<br \/>\nConsulter ce lien : https:\/\/expaparm.muco-cftr.fr\/<\/p>\n","protected":false},"excerpt":{"rendered":"<p>Vaincre la mucoviscidose<\/p>\n","protected":false},"author":2,"featured_media":0,"comment_status":"closed","ping_status":"closed","sticky":false,"template":"","format":"standard","meta":{"__cvm_playback_settings":[],"__cvm_video_id":"","_jetpack_memberships_contains_paid_content":false,"footnotes":""},"categories":[73,8],"tags":[],"aioseo_notices":[],"jetpack_sharing_enabled":true,"jetpack_featured_media_url":"","_links":{"self":[{"href":"https:\/\/imagetemps.fr\/index.php?rest_route=\/wp\/v2\/posts\/2788"}],"collection":[{"href":"https:\/\/imagetemps.fr\/index.php?rest_route=\/wp\/v2\/posts"}],"about":[{"href":"https:\/\/imagetemps.fr\/index.php?rest_route=\/wp\/v2\/types\/post"}],"author":[{"embeddable":true,"href":"https:\/\/imagetemps.fr\/index.php?rest_route=\/wp\/v2\/users\/2"}],"replies":[{"embeddable":true,"href":"https:\/\/imagetemps.fr\/index.php?rest_route=%2Fwp%2Fv2%2Fcomments&post=2788"}],"version-history":[{"count":3,"href":"https:\/\/imagetemps.fr\/index.php?rest_route=\/wp\/v2\/posts\/2788\/revisions"}],"predecessor-version":[{"id":2791,"href":"https:\/\/imagetemps.fr\/index.php?rest_route=\/wp\/v2\/posts\/2788\/revisions\/2791"}],"wp:attachment":[{"href":"https:\/\/imagetemps.fr\/index.php?rest_route=%2Fwp%2Fv2%2Fmedia&parent=2788"}],"wp:term":[{"taxonomy":"category","embeddable":true,"href":"https:\/\/imagetemps.fr\/index.php?rest_route=%2Fwp%2Fv2%2Fcategories&post=2788"},{"taxonomy":"post_tag","embeddable":true,"href":"https:\/\/imagetemps.fr\/index.php?rest_route=%2Fwp%2Fv2%2Ftags&post=2788"}],"curies":[{"name":"wp","href":"https:\/\/api.w.org\/{rel}","templated":true}]}}