{"id":2708,"date":"2023-06-06T14:22:24","date_gmt":"2023-06-06T13:22:24","guid":{"rendered":"https:\/\/imagetemps.fr\/?p=2708"},"modified":"2023-06-06T15:10:30","modified_gmt":"2023-06-06T14:10:30","slug":"films-pedagogiques-quest-ce-quune-recherche-collaborative","status":"publish","type":"post","link":"https:\/\/imagetemps.fr\/?p=2708","title":{"rendered":"Films p\u00e9dagogiques : Qu&rsquo;est-ce qu&rsquo;une recherche collaborative ?"},"content":{"rendered":"<div id=\"pl-2708\"  class=\"panel-layout\" ><div id=\"pg-2708-0\"  class=\"panel-grid panel-no-style\" ><div id=\"pgc-2708-0-0\"  class=\"panel-grid-cell\" ><div id=\"panel-2708-0-0-0\" class=\"so-panel widget widget_widget_sp_image widget_sp_image panel-first-child panel-last-child\" data-index=\"0\" ><h3 class=\"widget-title\">6 films p\u00e9dagogiques r\u00e9alis\u00e9s par Fran\u00e7ois Havez  r\u00e9capitulent les diff\u00e9rentes \u00e9tapes d\u2019une recherche collaborative.<\/h3><a href=\"https:\/\/youtube.com\/playlist?list=PLousmUC8H8o8z-S0B5pwZSXRORIk7jp4h\" target=\"_blank\" class=\"widget_sp_image-image-link\" title=\"6 films p\u00e9dagogiques r\u00e9alis\u00e9s par Fran\u00e7ois Havez  r\u00e9capitulent les diff\u00e9rentes \u00e9tapes d\u2019une recherche collaborative.\"><img loading=\"lazy\" decoding=\"async\" width=\"1920\" height=\"1080\" alt=\"6 films p\u00e9dagogiques r\u00e9alis\u00e9s par Fran\u00e7ois Havez  r\u00e9capitulent les diff\u00e9rentes \u00e9tapes d\u2019une recherche collaborative.\" class=\"attachment-full\" style=\"max-width: 100%;\" srcset=\"https:\/\/imagetemps.fr\/wp-content\/uploads\/2023\/06\/1-Quest-ce-quune-recherche-collaborative-2-1.jpg 1920w, https:\/\/imagetemps.fr\/wp-content\/uploads\/2023\/06\/1-Quest-ce-quune-recherche-collaborative-2-1-300x169.jpg 300w, https:\/\/imagetemps.fr\/wp-content\/uploads\/2023\/06\/1-Quest-ce-quune-recherche-collaborative-2-1-1024x576.jpg 1024w, https:\/\/imagetemps.fr\/wp-content\/uploads\/2023\/06\/1-Quest-ce-quune-recherche-collaborative-2-1-768x432.jpg 768w, https:\/\/imagetemps.fr\/wp-content\/uploads\/2023\/06\/1-Quest-ce-quune-recherche-collaborative-2-1-1536x864.jpg 1536w\" sizes=\"(max-width: 1920px) 100vw, 1920px\" src=\"https:\/\/imagetemps.fr\/wp-content\/uploads\/2023\/06\/1-Quest-ce-quune-recherche-collaborative-2-1.jpg\" \/><\/a><div class=\"widget_sp_image-description\" ><p>\u00c0 l\u2019ALFI des professionnels de pensions de famille et des r\u00e9sidents ayant connu un parcours de rue ont \u00e9t\u00e9 form\u00e9s par des chercheurs de l'association et du Laboratoire Educations et Promotion de la Sant\u00e9 - LEPS- (Universit\u00e9 Sorbonne Paris Nord). Ils sont devenus des co-chercheurs et ont particip\u00e9 \u00e0 la conception des guides d\u2019entretien, au recueil de donn\u00e9es et \u00e0 leur analyse. Cette collaboration s\u2019\u00e9tend jusqu\u2019\u00e0 l\u2019\u00e9tape de la valorisation de la recherche.<\/p>\n<\/div><\/div><\/div><\/div><\/div>","protected":false},"excerpt":{"rendered":"<p>6 films p\u00e9dagogiques r\u00e9alis\u00e9s par Fran\u00e7ois Havez r\u00e9capitulent les diff\u00e9rentes \u00e9tapes d\u2019une recherche collaborative.\u00c0 l\u2019ALFI des professionnels de pensions de famille et des r\u00e9sidents ayant [&hellip;]<\/p>\n","protected":false},"author":2,"featured_media":0,"comment_status":"closed","ping_status":"closed","sticky":false,"template":"","format":"standard","meta":{"__cvm_playback_settings":[],"__cvm_video_id":"","_jetpack_memberships_contains_paid_content":false,"footnotes":""},"categories":[63,73,71,8],"tags":[60,100],"aioseo_notices":[],"jetpack_sharing_enabled":true,"jetpack_featured_media_url":"","_links":{"self":[{"href":"https:\/\/imagetemps.fr\/index.php?rest_route=\/wp\/v2\/posts\/2708"}],"collection":[{"href":"https:\/\/imagetemps.fr\/index.php?rest_route=\/wp\/v2\/posts"}],"about":[{"href":"https:\/\/imagetemps.fr\/index.php?rest_route=\/wp\/v2\/types\/post"}],"author":[{"embeddable":true,"href":"https:\/\/imagetemps.fr\/index.php?rest_route=\/wp\/v2\/users\/2"}],"replies":[{"embeddable":true,"href":"https:\/\/imagetemps.fr\/index.php?rest_route=%2Fwp%2Fv2%2Fcomments&post=2708"}],"version-history":[{"count":7,"href":"https:\/\/imagetemps.fr\/index.php?rest_route=\/wp\/v2\/posts\/2708\/revisions"}],"predecessor-version":[{"id":2716,"href":"https:\/\/imagetemps.fr\/index.php?rest_route=\/wp\/v2\/posts\/2708\/revisions\/2716"}],"wp:attachment":[{"href":"https:\/\/imagetemps.fr\/index.php?rest_route=%2Fwp%2Fv2%2Fmedia&parent=2708"}],"wp:term":[{"taxonomy":"category","embeddable":true,"href":"https:\/\/imagetemps.fr\/index.php?rest_route=%2Fwp%2Fv2%2Fcategories&post=2708"},{"taxonomy":"post_tag","embeddable":true,"href":"https:\/\/imagetemps.fr\/index.php?rest_route=%2Fwp%2Fv2%2Ftags&post=2708"}],"curies":[{"name":"wp","href":"https:\/\/api.w.org\/{rel}","templated":true}]}}