{"id":2675,"date":"2023-05-13T06:09:47","date_gmt":"2023-05-13T05:09:47","guid":{"rendered":"https:\/\/imagetemps.fr\/?p=2675"},"modified":"2023-06-06T14:21:21","modified_gmt":"2023-06-06T13:21:21","slug":"projection-dehors-dedans-au-cinema-apollo-dimanche-11-juin-a-17h-a-pontault-combault","status":"publish","type":"post","link":"https:\/\/imagetemps.fr\/?p=2675","title":{"rendered":"Projection Dehors Dedans au cin\u00e9ma Apollo Dimanche 11 juin \u00e0 17H \u00e0 Pontault Combault"},"content":{"rendered":"\r\n<figure class=\"wp-block-image size-large\"><a href=\"https:\/\/imagetemps.fr\/wp-content\/uploads\/2023\/05\/Dehors-Dedans-Apollo-1.jpeg\"><img loading=\"lazy\" decoding=\"async\" width=\"724\" height=\"1024\" src=\"https:\/\/imagetemps.fr\/wp-content\/uploads\/2023\/05\/Dehors-Dedans-Apollo-1-724x1024.jpeg\" alt=\"\" class=\"wp-image-2678\" srcset=\"https:\/\/imagetemps.fr\/wp-content\/uploads\/2023\/05\/Dehors-Dedans-Apollo-1-724x1024.jpeg 724w, https:\/\/imagetemps.fr\/wp-content\/uploads\/2023\/05\/Dehors-Dedans-Apollo-1-212x300.jpeg 212w, https:\/\/imagetemps.fr\/wp-content\/uploads\/2023\/05\/Dehors-Dedans-Apollo-1-768x1086.jpeg 768w, https:\/\/imagetemps.fr\/wp-content\/uploads\/2023\/05\/Dehors-Dedans-Apollo-1-1086x1536.jpeg 1086w, https:\/\/imagetemps.fr\/wp-content\/uploads\/2023\/05\/Dehors-Dedans-Apollo-1.jpeg 1448w\" sizes=\"(max-width: 724px) 100vw, 724px\" \/><\/a><\/figure>\r\n","protected":false},"excerpt":{"rendered":"","protected":false},"author":2,"featured_media":0,"comment_status":"closed","ping_status":"closed","sticky":false,"template":"","format":"standard","meta":{"__cvm_playback_settings":[],"__cvm_video_id":"","_jetpack_memberships_contains_paid_content":false,"footnotes":""},"categories":[6,62,8],"tags":[],"aioseo_notices":[],"jetpack_sharing_enabled":true,"jetpack_featured_media_url":"","_links":{"self":[{"href":"https:\/\/imagetemps.fr\/index.php?rest_route=\/wp\/v2\/posts\/2675"}],"collection":[{"href":"https:\/\/imagetemps.fr\/index.php?rest_route=\/wp\/v2\/posts"}],"about":[{"href":"https:\/\/imagetemps.fr\/index.php?rest_route=\/wp\/v2\/types\/post"}],"author":[{"embeddable":true,"href":"https:\/\/imagetemps.fr\/index.php?rest_route=\/wp\/v2\/users\/2"}],"replies":[{"embeddable":true,"href":"https:\/\/imagetemps.fr\/index.php?rest_route=%2Fwp%2Fv2%2Fcomments&post=2675"}],"version-history":[{"count":2,"href":"https:\/\/imagetemps.fr\/index.php?rest_route=\/wp\/v2\/posts\/2675\/revisions"}],"predecessor-version":[{"id":2679,"href":"https:\/\/imagetemps.fr\/index.php?rest_route=\/wp\/v2\/posts\/2675\/revisions\/2679"}],"wp:attachment":[{"href":"https:\/\/imagetemps.fr\/index.php?rest_route=%2Fwp%2Fv2%2Fmedia&parent=2675"}],"wp:term":[{"taxonomy":"category","embeddable":true,"href":"https:\/\/imagetemps.fr\/index.php?rest_route=%2Fwp%2Fv2%2Fcategories&post=2675"},{"taxonomy":"post_tag","embeddable":true,"href":"https:\/\/imagetemps.fr\/index.php?rest_route=%2Fwp%2Fv2%2Ftags&post=2675"}],"curies":[{"name":"wp","href":"https:\/\/api.w.org\/{rel}","templated":true}]}}