{"id":2316,"date":"2022-03-24T09:42:20","date_gmt":"2022-03-24T08:42:20","guid":{"rendered":"https:\/\/imagetemps.fr\/?p=2316"},"modified":"2022-03-24T09:47:04","modified_gmt":"2022-03-24T08:47:04","slug":"les-artistes-et-le-feldenkrais-en-scene-teaser","status":"publish","type":"post","link":"https:\/\/imagetemps.fr\/?p=2316","title":{"rendered":"Les artistes et le Feldenkrais en sc\u00e8ne. Teaser"},"content":{"rendered":"\n<figure class=\"wp-block-embed is-type-video is-provider-vimeo wp-block-embed-vimeo wp-embed-aspect-16-9 wp-has-aspect-ratio\"><div class=\"wp-block-embed__wrapper\">\nhttps:\/\/vimeo.com\/690453839\n<\/div><figcaption><strong>Les artistes et le Feldenkrais en sc\u00e8ne<\/strong><br \/>A l\u2019occasion de la septi\u00e8me \u00e9dition des Journ\u00e9es Feldenkrais en France (JFF) du 26 mars au 03 avril 2022, diff\u00e9rent.e.s artistes se sont livr\u00e9.e.s au petit jeu des interviews au sujet de leur rapport avec la M\u00e9thode Feldenkrais&#x2122;. Ces t\u00e9moignages ont fait l\u2019objet de vid\u00e9os riches d\u2019enseignements dont voici un avant-go\u00fbt sous la forme d\u2019une bande-annonce (teaser). R\u00e9alisation Fran\u00e7ois Havez &#8211; Image Temps Coopetic Productions. <strong>Journ\u00e9es Feldenkrais en France<\/strong> : <a href=\"https:\/\/journees.feldenkrais-france.org\/les-artistes-et-le-feldenkrais-en-scene-teaser\/\">https:\/\/journees.feldenkrais-france.org\/les-artistes-et-le-feldenkrais-en-scene-teaser\/<\/a><\/figcaption><\/figure>\n\n\n","protected":false},"excerpt":{"rendered":"","protected":false},"author":2,"featured_media":0,"comment_status":"closed","ping_status":"closed","sticky":false,"template":"","format":"standard","meta":{"__cvm_playback_settings":[],"__cvm_video_id":"","_jetpack_memberships_contains_paid_content":false,"footnotes":""},"categories":[8],"tags":[82],"aioseo_notices":[],"jetpack_sharing_enabled":true,"jetpack_featured_media_url":"","_links":{"self":[{"href":"https:\/\/imagetemps.fr\/index.php?rest_route=\/wp\/v2\/posts\/2316"}],"collection":[{"href":"https:\/\/imagetemps.fr\/index.php?rest_route=\/wp\/v2\/posts"}],"about":[{"href":"https:\/\/imagetemps.fr\/index.php?rest_route=\/wp\/v2\/types\/post"}],"author":[{"embeddable":true,"href":"https:\/\/imagetemps.fr\/index.php?rest_route=\/wp\/v2\/users\/2"}],"replies":[{"embeddable":true,"href":"https:\/\/imagetemps.fr\/index.php?rest_route=%2Fwp%2Fv2%2Fcomments&post=2316"}],"version-history":[{"count":3,"href":"https:\/\/imagetemps.fr\/index.php?rest_route=\/wp\/v2\/posts\/2316\/revisions"}],"predecessor-version":[{"id":2320,"href":"https:\/\/imagetemps.fr\/index.php?rest_route=\/wp\/v2\/posts\/2316\/revisions\/2320"}],"wp:attachment":[{"href":"https:\/\/imagetemps.fr\/index.php?rest_route=%2Fwp%2Fv2%2Fmedia&parent=2316"}],"wp:term":[{"taxonomy":"category","embeddable":true,"href":"https:\/\/imagetemps.fr\/index.php?rest_route=%2Fwp%2Fv2%2Fcategories&post=2316"},{"taxonomy":"post_tag","embeddable":true,"href":"https:\/\/imagetemps.fr\/index.php?rest_route=%2Fwp%2Fv2%2Ftags&post=2316"}],"curies":[{"name":"wp","href":"https:\/\/api.w.org\/{rel}","templated":true}]}}