{"id":2255,"date":"2021-12-17T09:35:37","date_gmt":"2021-12-17T08:35:37","guid":{"rendered":"https:\/\/imagetemps.fr\/?p=2255"},"modified":"2022-03-10T09:56:23","modified_gmt":"2022-03-10T08:56:23","slug":"bien-habiter-coallia","status":"publish","type":"post","link":"https:\/\/imagetemps.fr\/?p=2255","title":{"rendered":"Bien habiter &#8211; Coallia"},"content":{"rendered":"\n<div class=\"wp-block-group\"><div class=\"wp-block-group__inner-container is-layout-flow wp-block-group-is-layout-flow\">\n<p>Diffusion d&rsquo;une s\u00e9rie vid\u00e9o sur le \u00ab\u00a0Bien habiter\u00a0\u00bb entre fiction et documentaire. <br \/>R\u00e9alisateur Fran\u00e7ois Havez, assist\u00e9 d\u2019Hermann Marchand. Jingle d\u2019intro Jos\u00e9 M\u00e9nina \/ AchilleFX \u2013 After effects et Cinema 4d.\u00a0Image temps Coopetic productions 2021.<br \/><a href=\"https:\/\/www.linkedin.com\/feed\/hashtag\/?keywords=coallia&amp;highlightedUpdateUrns=urn%3Ali%3Aactivity%3A6876788347252088832\">#Coallia<\/a><a href=\"https:\/\/www.linkedin.com\/feed\/hashtag\/?keywords=dihal&amp;highlightedUpdateUrns=urn%3Ali%3Aactivity%3A6876788347252088832\">  #Minist\u00e8re del&rsquo;int\u00e9rieur  <\/a><a href=\"https:\/\/www.linkedin.com\/feed\/hashtag\/?keywords=dihal&amp;highlightedUpdateUrns=urn%3Ali%3Aactivity%3A6876788347252088832\">#DIHAL<\/a>\u00a0(D\u00e9l\u00e9gation interminist\u00e9rielle \u00e0 l&rsquo;h\u00e9bergement et \u00e0 l&rsquo;acc\u00e8s au logement).<\/p>\n<\/div><\/div>\n\n\n\n<p><\/p>\n\n\n\n<figure class=\"wp-block-embed is-type-video is-provider-youtube wp-block-embed-youtube wp-embed-aspect-16-9 wp-has-aspect-ratio\"><div class=\"wp-block-embed__wrapper\">\n<iframe loading=\"lazy\" title=\"5 - \u00ab Un logement propre pour se sentir bien chez soi \u00bb\" width=\"640\" height=\"360\" src=\"https:\/\/www.youtube.com\/embed\/sEtZiePAYmI?feature=oembed\" frameborder=\"0\" allow=\"accelerometer; autoplay; clipboard-write; encrypted-media; gyroscope; picture-in-picture; web-share\" referrerpolicy=\"strict-origin-when-cross-origin\" allowfullscreen><\/iframe>\n<\/div><\/figure>\n\n\n\n<p>\u00ab Bien habiter \u00bb au sein des structures du logement accompagn\u00e9 Coallia. L\u2019objectif de ce projet est de cr\u00e9er un outil compl\u00e9mentaire d\u2019aide aux professionnels pour accompagner les r\u00e9sidents lors de leur s\u00e9jour au sein de nos \u00e9tablissements, \u00e0 la fois pour qu\u2019ils s\u2019approprient au mieux leur logement mais \u00e9galement dans un souci de respect et de pr\u00e9servation du patrimoine Coallia.\u00a0\u00bb<\/p>\n\n\n\n<p>Les sc\u00e9narios ont \u00e9t\u00e9 \u00e9crits en ateliers d\u2019\u00e9critures avec des salari\u00e9s de Coallia sous la direction de Fran\u00e7ois Havez.<br \/>Les films ont \u00e9t\u00e9 tourn\u00e9s avec la participation des r\u00e9sidents de pensions de famille et de r\u00e9sidences sociales et les professionnels des \u00e9quipes sociales Coallia de Brest, Nevers et Montreuil.<br \/>7 films : L\u2019accueil 1 et 2 &#8211; La bonne utilisation des \u00e9quipements &#8211; La s\u00e9curit\u00e9 dans le logement &#8211; Le nettoyage &#8211; La gestion des d\u00e9chets et La maitrise de l&rsquo;\u00e9nergie.<br \/><\/p>\n","protected":false},"excerpt":{"rendered":"<p>Diffusion d&rsquo;une s\u00e9rie vid\u00e9o sur le \u00ab\u00a0Bien habiter\u00a0\u00bb entre fiction et documentaire. R\u00e9alisateur Fran\u00e7ois Havez, assist\u00e9 d\u2019Hermann Marchand. Jingle d\u2019intro Jos\u00e9 M\u00e9nina \/ AchilleFX \u2013 [&hellip;]<\/p>\n","protected":false},"author":2,"featured_media":0,"comment_status":"closed","ping_status":"closed","sticky":false,"template":"","format":"standard","meta":{"__cvm_playback_settings":[],"__cvm_video_id":"","_jetpack_memberships_contains_paid_content":false,"footnotes":""},"categories":[8],"tags":[79,78],"aioseo_notices":[],"jetpack_sharing_enabled":true,"jetpack_featured_media_url":"","_links":{"self":[{"href":"https:\/\/imagetemps.fr\/index.php?rest_route=\/wp\/v2\/posts\/2255"}],"collection":[{"href":"https:\/\/imagetemps.fr\/index.php?rest_route=\/wp\/v2\/posts"}],"about":[{"href":"https:\/\/imagetemps.fr\/index.php?rest_route=\/wp\/v2\/types\/post"}],"author":[{"embeddable":true,"href":"https:\/\/imagetemps.fr\/index.php?rest_route=\/wp\/v2\/users\/2"}],"replies":[{"embeddable":true,"href":"https:\/\/imagetemps.fr\/index.php?rest_route=%2Fwp%2Fv2%2Fcomments&post=2255"}],"version-history":[{"count":14,"href":"https:\/\/imagetemps.fr\/index.php?rest_route=\/wp\/v2\/posts\/2255\/revisions"}],"predecessor-version":[{"id":2296,"href":"https:\/\/imagetemps.fr\/index.php?rest_route=\/wp\/v2\/posts\/2255\/revisions\/2296"}],"wp:attachment":[{"href":"https:\/\/imagetemps.fr\/index.php?rest_route=%2Fwp%2Fv2%2Fmedia&parent=2255"}],"wp:term":[{"taxonomy":"category","embeddable":true,"href":"https:\/\/imagetemps.fr\/index.php?rest_route=%2Fwp%2Fv2%2Fcategories&post=2255"},{"taxonomy":"post_tag","embeddable":true,"href":"https:\/\/imagetemps.fr\/index.php?rest_route=%2Fwp%2Fv2%2Ftags&post=2255"}],"curies":[{"name":"wp","href":"https:\/\/api.w.org\/{rel}","templated":true}]}}