{"id":2133,"date":"2020-10-08T17:22:36","date_gmt":"2020-10-08T16:22:36","guid":{"rendered":"http:\/\/imagetemps.fr\/?p=2133"},"modified":"2021-07-31T08:44:48","modified_gmt":"2021-07-31T07:44:48","slug":"des-contes-sans-frontieres-a-lecole","status":"publish","type":"post","link":"https:\/\/imagetemps.fr\/?p=2133","title":{"rendered":"Des contes sans fronti\u00e8res \u00e0 l&rsquo;\u00e9cole"},"content":{"rendered":"\n<figure class=\"wp-block-gallery aligncenter columns-2 is-cropped wp-block-gallery-1 is-layout-flex wp-block-gallery-is-layout-flex\"><ul class=\"blocks-gallery-grid\"><li class=\"blocks-gallery-item\"><figure><a href=\"http:\/\/imagetemps.fr\/wp-content\/uploads\/2020\/10\/Vernon-Direct.7.10.2020-780x1024.jpeg\"><img loading=\"lazy\" decoding=\"async\" width=\"780\" height=\"1024\" src=\"https:\/\/imagetemps.fr\/wp-content\/uploads\/2020\/10\/Vernon-Direct.7.10.2020-780x1024.jpeg\" alt=\"\" data-id=\"2136\" class=\"wp-image-2136\" srcset=\"https:\/\/imagetemps.fr\/wp-content\/uploads\/2020\/10\/Vernon-Direct.7.10.2020-780x1024.jpeg 780w, https:\/\/imagetemps.fr\/wp-content\/uploads\/2020\/10\/Vernon-Direct.7.10.2020-229x300.jpeg 229w, https:\/\/imagetemps.fr\/wp-content\/uploads\/2020\/10\/Vernon-Direct.7.10.2020-768x1008.jpeg 768w, https:\/\/imagetemps.fr\/wp-content\/uploads\/2020\/10\/Vernon-Direct.7.10.2020-689x904.jpeg 689w, https:\/\/imagetemps.fr\/wp-content\/uploads\/2020\/10\/Vernon-Direct.7.10.2020.jpeg 1425w\" sizes=\"(max-width: 780px) 100vw, 780px\" \/><\/a><\/figure><\/li><li class=\"blocks-gallery-item\"><figure><a href=\"https:\/\/imagetemps.fr\/wp-content\/uploads\/2021\/07\/contes-sans-frontieres-article-avec-camera.jpeg\"><img loading=\"lazy\" decoding=\"async\" width=\"726\" height=\"1024\" src=\"https:\/\/imagetemps.fr\/wp-content\/uploads\/2021\/07\/contes-sans-frontieres-article-avec-camera-726x1024.jpeg\" alt=\"\" data-id=\"2246\" data-full-url=\"https:\/\/imagetemps.fr\/wp-content\/uploads\/2021\/07\/contes-sans-frontieres-article-avec-camera.jpeg\" data-link=\"https:\/\/imagetemps.fr\/?attachment_id=2246\" class=\"wp-image-2246\" srcset=\"https:\/\/imagetemps.fr\/wp-content\/uploads\/2021\/07\/contes-sans-frontieres-article-avec-camera-726x1024.jpeg 726w, https:\/\/imagetemps.fr\/wp-content\/uploads\/2021\/07\/contes-sans-frontieres-article-avec-camera-213x300.jpeg 213w, https:\/\/imagetemps.fr\/wp-content\/uploads\/2021\/07\/contes-sans-frontieres-article-avec-camera-768x1084.jpeg 768w, https:\/\/imagetemps.fr\/wp-content\/uploads\/2021\/07\/contes-sans-frontieres-article-avec-camera-641x904.jpeg 641w, https:\/\/imagetemps.fr\/wp-content\/uploads\/2021\/07\/contes-sans-frontieres-article-avec-camera.jpeg 907w\" sizes=\"(max-width: 726px) 100vw, 726px\" \/><\/a><\/figure><\/li><\/ul><\/figure>\n\n\n\n<div class=\"wp-block-image\"><figure class=\"aligncenter is-resized\"><a href=\"http:\/\/imagetemps.fr\/wp-content\/uploads\/2020\/11\/Le-de\u0301mocrate-Vernonnais.jpeg\" target=\"_blank\" rel=\"noreferrer noopener\"><img decoding=\"async\" src=\"https:\/\/imagetemps.fr\/wp-content\/uploads\/2020\/11\/Le-de\u0301mocrate-Vernonnais-928x1024.jpeg\" alt=\"\" class=\"wp-image-2138\" width=\"585\" srcset=\"https:\/\/imagetemps.fr\/wp-content\/uploads\/2020\/11\/Le-de\u0301mocrate-Vernonnais-928x1024.jpeg 928w, https:\/\/imagetemps.fr\/wp-content\/uploads\/2020\/11\/Le-de\u0301mocrate-Vernonnais-272x300.jpeg 272w, https:\/\/imagetemps.fr\/wp-content\/uploads\/2020\/11\/Le-de\u0301mocrate-Vernonnais-768x847.jpeg 768w, https:\/\/imagetemps.fr\/wp-content\/uploads\/2020\/11\/Le-de\u0301mocrate-Vernonnais-819x904.jpeg 819w, https:\/\/imagetemps.fr\/wp-content\/uploads\/2020\/11\/Le-de\u0301mocrate-Vernonnais.jpeg 1337w\" sizes=\"(max-width: 928px) 100vw, 928px\" \/><\/a><\/figure><\/div>\n\n\n","protected":false},"excerpt":{"rendered":"","protected":false},"author":2,"featured_media":0,"comment_status":"closed","ping_status":"closed","sticky":false,"template":"","format":"standard","meta":{"__cvm_playback_settings":[],"__cvm_video_id":"","_jetpack_memberships_contains_paid_content":false,"footnotes":""},"categories":[76,8],"tags":[75],"aioseo_notices":[],"jetpack_sharing_enabled":true,"jetpack_featured_media_url":"","_links":{"self":[{"href":"https:\/\/imagetemps.fr\/index.php?rest_route=\/wp\/v2\/posts\/2133"}],"collection":[{"href":"https:\/\/imagetemps.fr\/index.php?rest_route=\/wp\/v2\/posts"}],"about":[{"href":"https:\/\/imagetemps.fr\/index.php?rest_route=\/wp\/v2\/types\/post"}],"author":[{"embeddable":true,"href":"https:\/\/imagetemps.fr\/index.php?rest_route=\/wp\/v2\/users\/2"}],"replies":[{"embeddable":true,"href":"https:\/\/imagetemps.fr\/index.php?rest_route=%2Fwp%2Fv2%2Fcomments&post=2133"}],"version-history":[{"count":9,"href":"https:\/\/imagetemps.fr\/index.php?rest_route=\/wp\/v2\/posts\/2133\/revisions"}],"predecessor-version":[{"id":2247,"href":"https:\/\/imagetemps.fr\/index.php?rest_route=\/wp\/v2\/posts\/2133\/revisions\/2247"}],"wp:attachment":[{"href":"https:\/\/imagetemps.fr\/index.php?rest_route=%2Fwp%2Fv2%2Fmedia&parent=2133"}],"wp:term":[{"taxonomy":"category","embeddable":true,"href":"https:\/\/imagetemps.fr\/index.php?rest_route=%2Fwp%2Fv2%2Fcategories&post=2133"},{"taxonomy":"post_tag","embeddable":true,"href":"https:\/\/imagetemps.fr\/index.php?rest_route=%2Fwp%2Fv2%2Ftags&post=2133"}],"curies":[{"name":"wp","href":"https:\/\/api.w.org\/{rel}","templated":true}]}}