{"id":2111,"date":"2020-11-23T17:46:21","date_gmt":"2020-11-23T16:46:21","guid":{"rendered":"http:\/\/imagetemps.fr\/?p=2111"},"modified":"2021-07-06T17:07:36","modified_gmt":"2021-07-06T16:07:36","slug":"le-logement-dabord-une-recherche-collaborative","status":"publish","type":"post","link":"https:\/\/imagetemps.fr\/?p=2111","title":{"rendered":"Le logement d&rsquo;abord. Une recherche collaborative"},"content":{"rendered":"\n<h3 class=\"wp-block-heading\"><strong>Des r\u00e9sidents de pension de famille et des professionnels de l&rsquo;ALFI sont co-chercheurs d&rsquo;une recherche sur le \u00ab\u00a0logement d&rsquo;abord\u00a0\u00bb.<\/strong><\/h3>\n\n\n\n<figure class=\"wp-block-embed is-type-video is-provider-vimeo wp-block-embed-vimeo wp-embed-aspect-16-9 wp-has-aspect-ratio\"><div class=\"wp-block-embed__wrapper\">\n<iframe loading=\"lazy\" title=\"LE LOGEMENT D&#039;ABORD. Une recherche collaborative en pensions de famille Alfi\" src=\"https:\/\/player.vimeo.com\/video\/473315084?dnt=1&amp;app_id=122963\" width=\"640\" height=\"360\" frameborder=\"0\" allow=\"autoplay; fullscreen; picture-in-picture; clipboard-write\"><\/iframe>\n<\/div><\/figure>\n\n\n\n<p style=\"font-size:1px\">Depuis janvier 2019, l\u2019ALFI et le Laboratoire Educations et Pratiques de Sant\u00e9 UR3412, de l&rsquo;Universit\u00e9 Sorbonne Paris Nord-Campus de Bobigny, m\u00e8nent une recherche collaborative dans le cadre du logement d\u2019abord intitul\u00e9e :&nbsp;<strong><em>Apprendre \u00e0 vivre avec son logement apr\u00e8s un parcours sans domicile : mieux comprendre pour enrichir les pratiques d\u2019accompagnement<\/em>.&nbsp;<\/strong>Cette recherche, port\u00e9e par CPH Arcade-VYV, en tant que maison m\u00e8re du p\u00f4le HLM du Groupe Arcade-VYV, est soutenue par la F\u00e9d\u00e9ration des ESH (FIS) et la Caisse de Garantie du Logement Locatif Social (FSI).&nbsp;Un comit\u00e9 form\u00e9 de co-chercheurs (r\u00e9sidents et professionnels) et de chercheurs, a en charge de mener le protocole, d&rsquo;\u00e9laborer les guides d\u2019entretien, de recueillir les donn\u00e9es, de les analyser, de produire et de valoriser les r\u00e9sultats.<\/p>\n\n\n\n<p class=\"has-normal-font-size\"><strong>Afin de rendre compte de cette m\u00e9thodologie particuli\u00e8re, impliquant une collaboration entre chercheurs et co-chercheurs \u00e0 toutes les \u00e9tapes de la recherche, le r\u00e9alisateur Fran\u00e7ois Havez s\u2019est immerg\u00e9 dans le groupe de recherche, captant sa dynamique, ses questionnements, ses travaux. &nbsp;Ce documentaire de 15 minutes t\u00e9moigne de cette exp\u00e9rience particuli\u00e8re.<\/strong><\/p>\n\n\n\n<p class=\"has-normal-font-size\">Fran\u00e7ois HAVEZ, le r\u00e9alisateur, commente : \u00ab <em>Il y a d\u00e9j\u00e0 plus d\u2019un an, je commen\u00e7ais le tournage d\u2019un film d\u2019une recherche collaborative sur \u00bb Le logement d\u2019abord \u00bb.&nbsp;<br \/>Je d\u00e9couvrais \u00e0 chaque \u00e9tape mes int\u00e9r\u00eats multiples pour ces explorations sur le logement. Je savourais le luxe d\u2019avoir eu le temps de chercher le plan id\u00e9al pour raconter au mieux cette aventure ; c\u2019est le temps de la recherche.&nbsp;<br \/>D\u00e8s les premi\u00e8res r\u00e9unions des comit\u00e9s restreints, je ne pouvais m\u2019arr\u00eater d\u2019appr\u00e9cier chaque instant, chaque image et chaque son que je voyais na\u00eetre devant mon objectif. La chance pour un r\u00e9alisateur d\u2019avoir pu participer \u00e0 ces moments uniques de rencontres passionnantes et riches d\u2019humanit\u00e9. Un m\u00e9lange subtil de personnalit\u00e9s et de parcours de vie que j\u2019ai vu \u00e9voluer tout au long du tournage. C\u2019est un \u00e9tat de gr\u00e2ce \u2026<\/em>  <em>Je laisse le mot de la fin \u00e0 Marcel (Co-chercheur r\u00e9sident) :&nbsp;<br \/>\u00ab\u00a0Ce qui m\u2019a int\u00e9ress\u00e9 et motiv\u00e9 pour cette recherche c\u2019est qu\u2019on nous a demand\u00e9 notre avis et notre v\u00e9cu. Habituellement les gens au pouvoir ne nous demandent pas notre avis, et pensent par eux-m\u00eames. Ici on nous a demand\u00e9 de participer. Et d\u2019avoir la place de co-chercheur, c\u2019est valorisant d\u2019\u00eatre au m\u00eame niveau que les autres participants de l\u2019ALFI\u00a0\u00bb.\ufeff<\/em><\/p>\n\n\n\n<p class=\"has-normal-font-size\"><em>Merci \u00e0 vous tous pour votre participation et votre confiance. Vous \u00eates extraordinaires.&nbsp;<\/em>\u00bb<\/p>\n","protected":false},"excerpt":{"rendered":"<p>Des r\u00e9sidents de pension de famille et des professionnels de l&rsquo;ALFI sont co-chercheurs d&rsquo;une recherche sur le \u00ab\u00a0logement d&rsquo;abord\u00a0\u00bb. Depuis janvier 2019, l\u2019ALFI et le [&hellip;]<\/p>\n","protected":false},"author":2,"featured_media":0,"comment_status":"closed","ping_status":"closed","sticky":false,"template":"","format":"standard","meta":{"__cvm_playback_settings":[],"__cvm_video_id":"","_jetpack_memberships_contains_paid_content":false,"footnotes":""},"categories":[62,63,73,71,8],"tags":[],"aioseo_notices":[],"jetpack_sharing_enabled":true,"jetpack_featured_media_url":"","_links":{"self":[{"href":"https:\/\/imagetemps.fr\/index.php?rest_route=\/wp\/v2\/posts\/2111"}],"collection":[{"href":"https:\/\/imagetemps.fr\/index.php?rest_route=\/wp\/v2\/posts"}],"about":[{"href":"https:\/\/imagetemps.fr\/index.php?rest_route=\/wp\/v2\/types\/post"}],"author":[{"embeddable":true,"href":"https:\/\/imagetemps.fr\/index.php?rest_route=\/wp\/v2\/users\/2"}],"replies":[{"embeddable":true,"href":"https:\/\/imagetemps.fr\/index.php?rest_route=%2Fwp%2Fv2%2Fcomments&post=2111"}],"version-history":[{"count":8,"href":"https:\/\/imagetemps.fr\/index.php?rest_route=\/wp\/v2\/posts\/2111\/revisions"}],"predecessor-version":[{"id":2175,"href":"https:\/\/imagetemps.fr\/index.php?rest_route=\/wp\/v2\/posts\/2111\/revisions\/2175"}],"wp:attachment":[{"href":"https:\/\/imagetemps.fr\/index.php?rest_route=%2Fwp%2Fv2%2Fmedia&parent=2111"}],"wp:term":[{"taxonomy":"category","embeddable":true,"href":"https:\/\/imagetemps.fr\/index.php?rest_route=%2Fwp%2Fv2%2Fcategories&post=2111"},{"taxonomy":"post_tag","embeddable":true,"href":"https:\/\/imagetemps.fr\/index.php?rest_route=%2Fwp%2Fv2%2Ftags&post=2111"}],"curies":[{"name":"wp","href":"https:\/\/api.w.org\/{rel}","templated":true}]}}