{"id":1759,"date":"2018-12-06T10:40:35","date_gmt":"2018-12-06T09:40:35","guid":{"rendered":"http:\/\/imagetemps.fr\/?p=1759"},"modified":"2018-12-07T12:23:29","modified_gmt":"2018-12-07T11:23:29","slug":"photo-expression","status":"publish","type":"post","link":"https:\/\/imagetemps.fr\/?p=1759","title":{"rendered":"PHOTO-EXPRESSION"},"content":{"rendered":"<h6 style=\"text-align: center;\"><span style=\"font-family: georgia, palatino, serif; font-size: 12pt;\">Merci \u00e0 l&rsquo;IPCEM de m&rsquo;avoir fait confiance comme photographe.&nbsp;<\/span><\/h6>\n<p style=\"text-align: center;\"><a href=\"http:\/\/imagetemps.fr\/wp-content\/uploads\/2018\/12\/IPCEM-Photo-expression.jpg\" target=\"_blank\" rel=\"noopener\"><img loading=\"lazy\" decoding=\"async\" class=\"aligncenter wp-image-1760\" src=\"https:\/\/imagetemps.fr\/wp-content\/uploads\/2018\/12\/IPCEM-Photo-expression-1024x676.jpg\" alt=\"\" width=\"800\" height=\"528\" srcset=\"https:\/\/imagetemps.fr\/wp-content\/uploads\/2018\/12\/IPCEM-Photo-expression-1024x676.jpg 1024w, https:\/\/imagetemps.fr\/wp-content\/uploads\/2018\/12\/IPCEM-Photo-expression-300x198.jpg 300w, https:\/\/imagetemps.fr\/wp-content\/uploads\/2018\/12\/IPCEM-Photo-expression-768x507.jpg 768w, https:\/\/imagetemps.fr\/wp-content\/uploads\/2018\/12\/IPCEM-Photo-expression-904x597.jpg 904w, https:\/\/imagetemps.fr\/wp-content\/uploads\/2018\/12\/IPCEM-Photo-expression.jpg 1967w\" sizes=\"(max-width: 800px) 100vw, 800px\" \/><\/a><\/p>\n<h6 style=\"text-align: center;\"><span style=\"font-family: georgia, palatino, serif; font-size: 10pt;\"><strong>DEFINITION PHOTO-EXPRESSION<\/strong>&nbsp;<\/span><\/h6>\n<h6 style=\"text-align: center;\"><span style=\"font-family: georgia, palatino, serif; font-size: 10pt;\">Outil utilis\u00e9 en th\u00e9rapie de groupe afin de faire \u00e9merger des repr\u00e9sentations collectives et individuelles sur un th\u00e8me donn\u00e9, \u00e0 l&rsquo;aide de documents photographiques fournis aux patients.<\/span><\/h6>\n","protected":false},"excerpt":{"rendered":"<p>Merci \u00e0 l&rsquo;IPCEM de m&rsquo;avoir fait confiance comme photographe.&nbsp; DEFINITION PHOTO-EXPRESSION&nbsp; Outil utilis\u00e9 en th\u00e9rapie de groupe afin de faire \u00e9merger des repr\u00e9sentations collectives et [&hellip;]<\/p>\n","protected":false},"author":2,"featured_media":0,"comment_status":"closed","ping_status":"closed","sticky":false,"template":"","format":"standard","meta":{"__cvm_playback_settings":[],"__cvm_video_id":"","_jetpack_memberships_contains_paid_content":false,"footnotes":""},"categories":[68,8],"tags":[55],"aioseo_notices":[],"jetpack_sharing_enabled":true,"jetpack_featured_media_url":"","_links":{"self":[{"href":"https:\/\/imagetemps.fr\/index.php?rest_route=\/wp\/v2\/posts\/1759"}],"collection":[{"href":"https:\/\/imagetemps.fr\/index.php?rest_route=\/wp\/v2\/posts"}],"about":[{"href":"https:\/\/imagetemps.fr\/index.php?rest_route=\/wp\/v2\/types\/post"}],"author":[{"embeddable":true,"href":"https:\/\/imagetemps.fr\/index.php?rest_route=\/wp\/v2\/users\/2"}],"replies":[{"embeddable":true,"href":"https:\/\/imagetemps.fr\/index.php?rest_route=%2Fwp%2Fv2%2Fcomments&post=1759"}],"version-history":[{"count":24,"href":"https:\/\/imagetemps.fr\/index.php?rest_route=\/wp\/v2\/posts\/1759\/revisions"}],"predecessor-version":[{"id":1833,"href":"https:\/\/imagetemps.fr\/index.php?rest_route=\/wp\/v2\/posts\/1759\/revisions\/1833"}],"wp:attachment":[{"href":"https:\/\/imagetemps.fr\/index.php?rest_route=%2Fwp%2Fv2%2Fmedia&parent=1759"}],"wp:term":[{"taxonomy":"category","embeddable":true,"href":"https:\/\/imagetemps.fr\/index.php?rest_route=%2Fwp%2Fv2%2Fcategories&post=1759"},{"taxonomy":"post_tag","embeddable":true,"href":"https:\/\/imagetemps.fr\/index.php?rest_route=%2Fwp%2Fv2%2Ftags&post=1759"}],"curies":[{"name":"wp","href":"https:\/\/api.w.org\/{rel}","templated":true}]}}