{"id":1733,"date":"2018-11-22T12:02:09","date_gmt":"2018-11-22T11:02:09","guid":{"rendered":"http:\/\/imagetemps.fr\/?p=1733"},"modified":"2018-12-06T17:22:39","modified_gmt":"2018-12-06T16:22:39","slug":"erasmus-tso-labtv","status":"publish","type":"post","link":"https:\/\/imagetemps.fr\/?p=1733","title":{"rendered":"ERASMUS TSO &#8211; labTV"},"content":{"rendered":"<p style=\"text-align: center;\"><span style=\"font-family: georgia, palatino, serif;\"><img loading=\"lazy\" decoding=\"async\" class=\"wp-image-1721 aligncenter\" src=\"https:\/\/imagetemps.fr\/wp-content\/uploads\/2018\/02\/Prez-Proposition-de-De\u0301marche-de-Communication-Erasmus-1024x407.jpg\" alt=\"\" width=\"350\" height=\"139\" srcset=\"https:\/\/imagetemps.fr\/wp-content\/uploads\/2018\/02\/Prez-Proposition-de-De\u0301marche-de-Communication-Erasmus-1024x407.jpg 1024w, https:\/\/imagetemps.fr\/wp-content\/uploads\/2018\/02\/Prez-Proposition-de-De\u0301marche-de-Communication-Erasmus-300x119.jpg 300w, https:\/\/imagetemps.fr\/wp-content\/uploads\/2018\/02\/Prez-Proposition-de-De\u0301marche-de-Communication-Erasmus-768x305.jpg 768w, https:\/\/imagetemps.fr\/wp-content\/uploads\/2018\/02\/Prez-Proposition-de-De\u0301marche-de-Communication-Erasmus-904x359.jpg 904w, https:\/\/imagetemps.fr\/wp-content\/uploads\/2018\/02\/Prez-Proposition-de-De\u0301marche-de-Communication-Erasmus.jpg 1471w\" sizes=\"(max-width: 350px) 100vw, 350px\" \/><\/span><\/p>\n<p style=\"text-align: center;\"><span style=\"font-family: georgia, palatino, serif; font-size: 12pt;\"><span style=\"font-size: 14pt;\"><strong>C<\/strong>onseils en communication audiovisuelle pour Erasmus TSO -RTE.<\/span>&nbsp;<\/span><\/p>\n<ul style=\"list-style-type: disc;\">\n<li style=\"text-align: center;\"><span style=\"font-family: georgia, palatino, serif;\"> <a href=\"http:\/\/imagetemps.fr\/wp-content\/uploads\/2018\/11\/ERASMUS-TSO-labTV.jpg\" target=\"_blank\" rel=\"noopener\"><img loading=\"lazy\" decoding=\"async\" class=\"aligncenter wp-image-1735\" src=\"https:\/\/imagetemps.fr\/wp-content\/uploads\/2018\/11\/ERASMUS-TSO-labTV-1024x563.jpg\" alt=\"\" width=\"800\" height=\"440\" srcset=\"https:\/\/imagetemps.fr\/wp-content\/uploads\/2018\/11\/ERASMUS-TSO-labTV-1024x563.jpg 1024w, https:\/\/imagetemps.fr\/wp-content\/uploads\/2018\/11\/ERASMUS-TSO-labTV-300x165.jpg 300w, https:\/\/imagetemps.fr\/wp-content\/uploads\/2018\/11\/ERASMUS-TSO-labTV-768x422.jpg 768w, https:\/\/imagetemps.fr\/wp-content\/uploads\/2018\/11\/ERASMUS-TSO-labTV-904x497.jpg 904w\" sizes=\"(max-width: 800px) 100vw, 800px\" \/><\/a><br \/>\n<span style=\"font-family: georgia, palatino, serif; font-size: 12pt;\"><strong>C<\/strong>onseils pour la cr\u00e9ation de la plateforme du projet Erasmus TSO.&nbsp;<br \/>\n<strong>C<\/strong>r\u00e9ation d\u2019un tutoriel pour la r\u00e9alisation de CV vid\u00e9o des candidats.<br \/>\n<strong>P<\/strong>roduction et r\u00e9alisations audiovisuelles de t\u00e9moignages et d&rsquo;ITV&nbsp;\u00e0 Bruxelles et \u00e0 Paris.&nbsp;<\/span><br \/>\n<\/span><\/li>\n<\/ul>\n","protected":false},"excerpt":{"rendered":"<p>Conseils en communication audiovisuelle pour Erasmus TSO -RTE.&nbsp; Conseils pour la cr\u00e9ation de la plateforme du projet Erasmus TSO.&nbsp; Cr\u00e9ation d\u2019un tutoriel pour la r\u00e9alisation [&hellip;]<\/p>\n","protected":false},"author":2,"featured_media":0,"comment_status":"closed","ping_status":"closed","sticky":false,"template":"","format":"standard","meta":{"__cvm_playback_settings":[],"__cvm_video_id":"","_jetpack_memberships_contains_paid_content":false,"footnotes":""},"categories":[8,59],"tags":[70,58],"aioseo_notices":[],"jetpack_sharing_enabled":true,"jetpack_featured_media_url":"","_links":{"self":[{"href":"https:\/\/imagetemps.fr\/index.php?rest_route=\/wp\/v2\/posts\/1733"}],"collection":[{"href":"https:\/\/imagetemps.fr\/index.php?rest_route=\/wp\/v2\/posts"}],"about":[{"href":"https:\/\/imagetemps.fr\/index.php?rest_route=\/wp\/v2\/types\/post"}],"author":[{"embeddable":true,"href":"https:\/\/imagetemps.fr\/index.php?rest_route=\/wp\/v2\/users\/2"}],"replies":[{"embeddable":true,"href":"https:\/\/imagetemps.fr\/index.php?rest_route=%2Fwp%2Fv2%2Fcomments&post=1733"}],"version-history":[{"count":14,"href":"https:\/\/imagetemps.fr\/index.php?rest_route=\/wp\/v2\/posts\/1733\/revisions"}],"predecessor-version":[{"id":1772,"href":"https:\/\/imagetemps.fr\/index.php?rest_route=\/wp\/v2\/posts\/1733\/revisions\/1772"}],"wp:attachment":[{"href":"https:\/\/imagetemps.fr\/index.php?rest_route=%2Fwp%2Fv2%2Fmedia&parent=1733"}],"wp:term":[{"taxonomy":"category","embeddable":true,"href":"https:\/\/imagetemps.fr\/index.php?rest_route=%2Fwp%2Fv2%2Fcategories&post=1733"},{"taxonomy":"post_tag","embeddable":true,"href":"https:\/\/imagetemps.fr\/index.php?rest_route=%2Fwp%2Fv2%2Ftags&post=1733"}],"curies":[{"name":"wp","href":"https:\/\/api.w.org\/{rel}","templated":true}]}}