{"id":1551,"date":"2017-09-11T15:43:44","date_gmt":"2017-09-11T14:43:44","guid":{"rendered":"http:\/\/imagetemps.fr\/?p=1551"},"modified":"2018-09-24T18:03:15","modified_gmt":"2018-09-24T17:03:15","slug":"article-dans-la-revue-habitat-social","status":"publish","type":"post","link":"https:\/\/imagetemps.fr\/?p=1551","title":{"rendered":"Article dans la revue : Habitat actualit\u00e9s"},"content":{"rendered":"<p style=\"text-align: center;\"><span style=\"font-family: georgia, palatino, serif; font-size: 12pt;\"><strong><span style=\"font-size: 14pt;\">Pour la rentr\u00e9e<\/span> :<\/strong> un article dans la <strong>revue Habitat<\/strong>, illustr\u00e9 par des photos de mon film&nbsp;<\/span>&nbsp;:&nbsp; <span style=\"font-size: 12pt;\"><strong><span style=\"font-family: georgia, palatino, serif;\">Apprendre \u00e0 adapter son logement et pr\u00e9venir la chute<\/span><\/strong><\/span> <span style=\"font-family: georgia, palatino, serif; font-size: 12pt;\">(<em>la couverture svp &#8230;<\/em>)<\/span> <span style=\"font-family: georgia, palatino, serif; font-size: 12pt;\">et un gros coup de pub au passage.<\/span><\/p>\n<p style=\"text-align: center;\"><span style=\"font-family: georgia, palatino, serif; font-size: 12pt;\">(Actualit\u00e9s pour l&rsquo;Union Sociale pour l&rsquo;Habitat n\u00b01058 &#8211; Juin 2017).<\/span> <span style=\"font-family: georgia, palatino, serif; font-size: 12pt;\">\u00c0 consommer sans mod\u00e9ration <\/span><span class=\"_5mfr _47e3\">&#x1f496;<\/span><\/p>\n<div id=\"attachment_1550\" style=\"width: 460px\" class=\"wp-caption aligncenter\"><img loading=\"lazy\" decoding=\"async\" aria-describedby=\"caption-attachment-1550\" class=\"wp-image-1550\" src=\"https:\/\/imagetemps.fr\/wp-content\/uploads\/2017\/09\/Revue-Habitat-300x300.jpg\" alt=\"\" width=\"450\" height=\"449\" srcset=\"https:\/\/imagetemps.fr\/wp-content\/uploads\/2017\/09\/Revue-Habitat-300x300.jpg 300w, https:\/\/imagetemps.fr\/wp-content\/uploads\/2017\/09\/Revue-Habitat-150x150.jpg 150w, https:\/\/imagetemps.fr\/wp-content\/uploads\/2017\/09\/Revue-Habitat-768x767.jpg 768w, https:\/\/imagetemps.fr\/wp-content\/uploads\/2017\/09\/Revue-Habitat-1024x1024.jpg 1024w, https:\/\/imagetemps.fr\/wp-content\/uploads\/2017\/09\/Revue-Habitat-904x904.jpg 904w\" sizes=\"(max-width: 450px) 100vw, 450px\" \/><p id=\"caption-attachment-1550\" class=\"wp-caption-text\">Recherche : Continuer \u00e0 vivre \u00e0 son domicile apr\u00e8s une chute<\/p><\/div>\n","protected":false},"excerpt":{"rendered":"<p>Pour la rentr\u00e9e : un article dans la revue Habitat, illustr\u00e9 par des photos de mon film&nbsp;&nbsp;:&nbsp; Apprendre \u00e0 adapter son logement et pr\u00e9venir la [&hellip;]<\/p>\n","protected":false},"author":2,"featured_media":0,"comment_status":"closed","ping_status":"closed","sticky":false,"template":"","format":"standard","meta":{"__cvm_playback_settings":[],"__cvm_video_id":"","_jetpack_memberships_contains_paid_content":false,"footnotes":""},"categories":[62,63,8],"tags":[60,64,61],"aioseo_notices":[],"jetpack_sharing_enabled":true,"jetpack_featured_media_url":"","_links":{"self":[{"href":"https:\/\/imagetemps.fr\/index.php?rest_route=\/wp\/v2\/posts\/1551"}],"collection":[{"href":"https:\/\/imagetemps.fr\/index.php?rest_route=\/wp\/v2\/posts"}],"about":[{"href":"https:\/\/imagetemps.fr\/index.php?rest_route=\/wp\/v2\/types\/post"}],"author":[{"embeddable":true,"href":"https:\/\/imagetemps.fr\/index.php?rest_route=\/wp\/v2\/users\/2"}],"replies":[{"embeddable":true,"href":"https:\/\/imagetemps.fr\/index.php?rest_route=%2Fwp%2Fv2%2Fcomments&post=1551"}],"version-history":[{"count":11,"href":"https:\/\/imagetemps.fr\/index.php?rest_route=\/wp\/v2\/posts\/1551\/revisions"}],"predecessor-version":[{"id":1584,"href":"https:\/\/imagetemps.fr\/index.php?rest_route=\/wp\/v2\/posts\/1551\/revisions\/1584"}],"wp:attachment":[{"href":"https:\/\/imagetemps.fr\/index.php?rest_route=%2Fwp%2Fv2%2Fmedia&parent=1551"}],"wp:term":[{"taxonomy":"category","embeddable":true,"href":"https:\/\/imagetemps.fr\/index.php?rest_route=%2Fwp%2Fv2%2Fcategories&post=1551"},{"taxonomy":"post_tag","embeddable":true,"href":"https:\/\/imagetemps.fr\/index.php?rest_route=%2Fwp%2Fv2%2Ftags&post=1551"}],"curies":[{"name":"wp","href":"https:\/\/api.w.org\/{rel}","templated":true}]}}