{"id":1073,"date":"2015-12-10T15:38:30","date_gmt":"2015-12-10T14:38:30","guid":{"rendered":"http:\/\/imagetemps.fr\/?p=1073"},"modified":"2017-06-29T14:21:30","modified_gmt":"2017-06-29T13:21:30","slug":"cine-concert-2","status":"publish","type":"post","link":"https:\/\/imagetemps.fr\/?p=1073","title":{"rendered":"CIN\u00c9-CONCERTS"},"content":{"rendered":"<p style=\"text-align: center;\"><span style=\"font-family: georgia, palatino, serif; font-size: 14pt;\"><a href=\"http:\/\/crr.paris.fr\/Exil\/Cine-concert.html\" target=\"_blank\" rel=\"noopener noreferrer\">3 dates de cin\u00e9-concerts &#8211; Informations<\/a><\/span><\/p>\n<p><a href=\"http:\/\/imagetemps.fr\/wp-content\/uploads\/2015\/12\/Cine\u0301-concerts.jpg\" target=\"_blank\" rel=\"noopener noreferrer\"><img loading=\"lazy\" decoding=\"async\" class=\"aligncenter wp-image-1190\" src=\"https:\/\/imagetemps.fr\/wp-content\/uploads\/2015\/12\/Cine\u0301-concerts-300x263.jpg\" alt=\"\" width=\"500\" height=\"439\" srcset=\"https:\/\/imagetemps.fr\/wp-content\/uploads\/2015\/12\/Cine\u0301-concerts-300x263.jpg 300w, https:\/\/imagetemps.fr\/wp-content\/uploads\/2015\/12\/Cine\u0301-concerts-768x674.jpg 768w, https:\/\/imagetemps.fr\/wp-content\/uploads\/2015\/12\/Cine\u0301-concerts-1024x899.jpg 1024w, https:\/\/imagetemps.fr\/wp-content\/uploads\/2015\/12\/Cine\u0301-concerts-480x420.jpg 480w, https:\/\/imagetemps.fr\/wp-content\/uploads\/2015\/12\/Cine\u0301-concerts-904x794.jpg 904w, https:\/\/imagetemps.fr\/wp-content\/uploads\/2015\/12\/Cine\u0301-concerts.jpg 1305w\" sizes=\"(max-width: 500px) 100vw, 500px\" \/><\/a><\/p>\n<p style=\"text-align: center;\"><span style=\"font-family: georgia, palatino, serif; font-size: 12pt;\"><a href=\"http:\/\/www.maisondesmetallos.org\/2015\/12\/11\/l-exil-de-chaplin-aux-chibanis\" target=\"_blank\" rel=\"noopener noreferrer\">\u00c0 la Maison des m\u00e9tallos &#8211; Samedi 30 janvier 2016<\/a><\/span><\/p>\n","protected":false},"excerpt":{"rendered":"<p>3 dates de cin\u00e9-concerts &#8211; Informations \u00c0 la Maison des m\u00e9tallos &#8211; Samedi 30 janvier 2016<\/p>\n","protected":false},"author":2,"featured_media":0,"comment_status":"closed","ping_status":"closed","sticky":false,"template":"","format":"standard","meta":{"__cvm_playback_settings":[],"__cvm_video_id":"","_jetpack_memberships_contains_paid_content":false,"footnotes":""},"categories":[6],"tags":[35,33,7,11],"aioseo_notices":[],"jetpack_sharing_enabled":true,"jetpack_featured_media_url":"","_links":{"self":[{"href":"https:\/\/imagetemps.fr\/index.php?rest_route=\/wp\/v2\/posts\/1073"}],"collection":[{"href":"https:\/\/imagetemps.fr\/index.php?rest_route=\/wp\/v2\/posts"}],"about":[{"href":"https:\/\/imagetemps.fr\/index.php?rest_route=\/wp\/v2\/types\/post"}],"author":[{"embeddable":true,"href":"https:\/\/imagetemps.fr\/index.php?rest_route=\/wp\/v2\/users\/2"}],"replies":[{"embeddable":true,"href":"https:\/\/imagetemps.fr\/index.php?rest_route=%2Fwp%2Fv2%2Fcomments&post=1073"}],"version-history":[{"count":74,"href":"https:\/\/imagetemps.fr\/index.php?rest_route=\/wp\/v2\/posts\/1073\/revisions"}],"predecessor-version":[{"id":1546,"href":"https:\/\/imagetemps.fr\/index.php?rest_route=\/wp\/v2\/posts\/1073\/revisions\/1546"}],"wp:attachment":[{"href":"https:\/\/imagetemps.fr\/index.php?rest_route=%2Fwp%2Fv2%2Fmedia&parent=1073"}],"wp:term":[{"taxonomy":"category","embeddable":true,"href":"https:\/\/imagetemps.fr\/index.php?rest_route=%2Fwp%2Fv2%2Fcategories&post=1073"},{"taxonomy":"post_tag","embeddable":true,"href":"https:\/\/imagetemps.fr\/index.php?rest_route=%2Fwp%2Fv2%2Ftags&post=1073"}],"curies":[{"name":"wp","href":"https:\/\/api.w.org\/{rel}","templated":true}]}}