{"id":1023,"date":"2016-01-28T08:00:06","date_gmt":"2016-01-28T07:00:06","guid":{"rendered":"http:\/\/imagetemps.fr\/?p=1023"},"modified":"2016-07-28T10:07:14","modified_gmt":"2016-07-28T09:07:14","slug":"maison-des-metallos","status":"publish","type":"post","link":"https:\/\/imagetemps.fr\/?p=1023","title":{"rendered":"CIN\u00c9-CONCERTS \u00c0 LA MAISON DES M\u00c9TALLOS"},"content":{"rendered":"<h6><strong>30 janvier 2016 :<\/strong> <span style=\"font-size: 10pt; font-family: georgia, palatino, serif; color: #000000;\"><strong>L\u2019EXIL, DE CHAPLIN AUX CHIBANIS<\/strong><\/span> <span style=\"font-size: 10pt; font-family: georgia, palatino, serif; color: #000000;\"><strong>CL\u00d4TURE DES JOURN\u00c9ES DU CONSERVATOIRE \u00c0 RAYONNEMENT R\u00c9GIONAL DE PARIS<\/strong><\/span><\/h6>\n<h6 style=\"text-align: justify;\"><span style=\"font-family: georgia, palatino, serif; color: #000000;\"><img loading=\"lazy\" decoding=\"async\" class=\"alignleft wp-image-1170\" src=\"https:\/\/imagetemps.fr\/wp-content\/uploads\/2015\/12\/Cine\u0301-concert-300x169.jpg\" alt=\"Cine\u0301 concert\" width=\"400\" height=\"225\" srcset=\"https:\/\/imagetemps.fr\/wp-content\/uploads\/2015\/12\/Cine\u0301-concert-300x169.jpg 300w, https:\/\/imagetemps.fr\/wp-content\/uploads\/2015\/12\/Cine\u0301-concert-768x432.jpg 768w, https:\/\/imagetemps.fr\/wp-content\/uploads\/2015\/12\/Cine\u0301-concert.jpg 1024w, https:\/\/imagetemps.fr\/wp-content\/uploads\/2015\/12\/Cine\u0301-concert-904x509.jpg 904w\" sizes=\"(max-width: 400px) 100vw, 400px\" \/><strong>Deux cin\u00e9-concerts :\u00a0The Immigrant de Chaplin <\/strong>et<strong> Y a-t-il encore mon pays ailleurs ? de Fran\u00e7ois Havez<\/strong> et une rencontre dans le cadre de la \u00ab\u2009Semaine th\u00e9matique\u2009\u00bb propos\u00e9e par le CRR durant laquelle les \u00e9l\u00e8ves du conservatoire s\u2019appuieront sur un th\u00e8me d\u2019une actualit\u00e9 poignante, \u00ab\u2009l\u2019exil\u2009\u00bb, pour faire d\u00e9couvrir au public parisien des \u0153uvres \u00e0 la fois singuli\u00e8res et universelles.<\/span><br \/>\n<span style=\"font-family: georgia, palatino, serif; color: #000000;\">The Immigrant, <strong>musique originale de St\u00e9phane Tsapis<\/strong> interpr\u00e9t\u00e9e par l&rsquo;Orchestre des jeunes du CRR et Y a-t-il encore mon pays ailleurs ? avec une <strong>musique originale de Jean-Charles Richard<\/strong>, les \u00e9tudiants des d\u00e9partements jazz et musiques\u00a0actuelles amplifi\u00e9es et l&rsquo;orchestre des jeunes du conservatoire.<\/span><br \/>\n<strong><span style=\"font-family: georgia, palatino, serif; color: #000000;\">Xavier Delette, direction<\/span><\/strong><\/h6>\n<p style=\"text-align: justify;\"><span style=\"font-family: georgia, palatino, serif; color: #000000;\"><strong>Rencontre &#8211; d\u00e9bat<\/strong> avec V\u00e9ronique Laurens, ma\u00eetre de conf\u00e9rence en didactique du Fran\u00e7ais Langue \u00c9trang\u00e8re (Paris 3) et Richard Grolleau, directeur artistique de la Cie Arti-Zanat anim\u00e9e par C\u00e9cile Poletti, d\u00e9l\u00e9gu\u00e9e nationale en r\u00e9gion de La Cimade.<\/span><\/p>\n<p><a href=\"http:\/\/www.maisondesmetallos.org\/2015\/12\/11\/l-exil-de-chaplin-aux-chibanis\" target=\"_blank\">http:\/\/www.maisondesmetallos.org\/2015\/12\/11\/l-exil-de-chaplin-aux-chibanis<\/a><\/p>\n","protected":false},"excerpt":{"rendered":"<p>30 janvier 2016 : L\u2019EXIL, DE CHAPLIN AUX CHIBANIS CL\u00d4TURE DES JOURN\u00c9ES DU CONSERVATOIRE \u00c0 RAYONNEMENT R\u00c9GIONAL DE PARIS Deux cin\u00e9-concerts :\u00a0The Immigrant de Chaplin [&hellip;]<\/p>\n","protected":false},"author":2,"featured_media":0,"comment_status":"closed","ping_status":"closed","sticky":false,"template":"","format":"standard","meta":{"__cvm_playback_settings":[],"__cvm_video_id":"","_jetpack_memberships_contains_paid_content":false,"footnotes":""},"categories":[6],"tags":[35,34,36,28],"aioseo_notices":[],"jetpack_sharing_enabled":true,"jetpack_featured_media_url":"","_links":{"self":[{"href":"https:\/\/imagetemps.fr\/index.php?rest_route=\/wp\/v2\/posts\/1023"}],"collection":[{"href":"https:\/\/imagetemps.fr\/index.php?rest_route=\/wp\/v2\/posts"}],"about":[{"href":"https:\/\/imagetemps.fr\/index.php?rest_route=\/wp\/v2\/types\/post"}],"author":[{"embeddable":true,"href":"https:\/\/imagetemps.fr\/index.php?rest_route=\/wp\/v2\/users\/2"}],"replies":[{"embeddable":true,"href":"https:\/\/imagetemps.fr\/index.php?rest_route=%2Fwp%2Fv2%2Fcomments&post=1023"}],"version-history":[{"count":30,"href":"https:\/\/imagetemps.fr\/index.php?rest_route=\/wp\/v2\/posts\/1023\/revisions"}],"predecessor-version":[{"id":1307,"href":"https:\/\/imagetemps.fr\/index.php?rest_route=\/wp\/v2\/posts\/1023\/revisions\/1307"}],"wp:attachment":[{"href":"https:\/\/imagetemps.fr\/index.php?rest_route=%2Fwp%2Fv2%2Fmedia&parent=1023"}],"wp:term":[{"taxonomy":"category","embeddable":true,"href":"https:\/\/imagetemps.fr\/index.php?rest_route=%2Fwp%2Fv2%2Fcategories&post=1023"},{"taxonomy":"post_tag","embeddable":true,"href":"https:\/\/imagetemps.fr\/index.php?rest_route=%2Fwp%2Fv2%2Ftags&post=1023"}],"curies":[{"name":"wp","href":"https:\/\/api.w.org\/{rel}","templated":true}]}}